{"id":287,"date":"2016-11-16T08:12:55","date_gmt":"2016-11-16T08:12:55","guid":{"rendered":"https:\/\/raratheme.com\/preview\/education-zone\/?p=287"},"modified":"2023-12-20T15:35:20","modified_gmt":"2023-12-20T15:35:20","slug":"idea-generation","status":"publish","type":"post","link":"https:\/\/bioetica.us\/index.php\/2016\/11\/16\/idea-generation\/","title":{"rendered":"VISI\u00d3N"},"content":{"rendered":"\n<p><b><br><\/b>El Colegio de Bio\u00e9tica se consolida como una instituci\u00f3n de educaci\u00f3n superior con alto prestigio a nivel nacional e internacional por su responsabilidad con la sociedad en la formaci\u00f3n de profesionales con alto nivel y compromiso en el desarrollo de una cultura de reconocimiento de la dignidad del ser humano como base argumentativa de los dilemas \u00e9ticos y su soluci\u00f3n innovadora, bajo un modelo educativo antropol\u00f3gico con bases filos\u00f3ficas del Personalismo.<\/p>\n\n\n\n<figure class=\"wp-block-gallery has-nested-images columns-3 is-cropped wp-block-gallery-1 is-layout-flex\"><\/figure>\n","protected":false},"excerpt":{"rendered":"<p>El Colegio de Bio\u00e9tica se consolida como una instituci\u00f3n de educaci\u00f3n superior con alto prestigio a nivel nacional e internacional por su responsabilidad con la sociedad en la formaci\u00f3n de profesionales con alto nivel y compromiso en el desarrollo de una cultura de reconocimiento de la dignidad del ser humano. como base argumentativa de los dilemas \u00e9ticos y su soluci\u00f3n innovadora bajo un modelo educativo antropol\u00f3gico con bases filos\u00f3ficas del Personalismo.<\/p>\n","protected":false},"author":1,"featured_media":248,"comment_status":"closed","ping_status":"closed","sticky":false,"template":"","format":"standard","meta":[],"categories":[14],"tags":[],"_links":{"self":[{"href":"https:\/\/bioetica.us\/index.php\/wp-json\/wp\/v2\/posts\/287"}],"collection":[{"href":"https:\/\/bioetica.us\/index.php\/wp-json\/wp\/v2\/posts"}],"about":[{"href":"https:\/\/bioetica.us\/index.php\/wp-json\/wp\/v2\/types\/post"}],"author":[{"embeddable":true,"href":"https:\/\/bioetica.us\/index.php\/wp-json\/wp\/v2\/users\/1"}],"replies":[{"embeddable":true,"href":"https:\/\/bioetica.us\/index.php\/wp-json\/wp\/v2\/comments?post=287"}],"version-history":[{"count":5,"href":"https:\/\/bioetica.us\/index.php\/wp-json\/wp\/v2\/posts\/287\/revisions"}],"predecessor-version":[{"id":714,"href":"https:\/\/bioetica.us\/index.php\/wp-json\/wp\/v2\/posts\/287\/revisions\/714"}],"wp:featuredmedia":[{"embeddable":true,"href":"https:\/\/bioetica.us\/index.php\/wp-json\/wp\/v2\/media\/248"}],"wp:attachment":[{"href":"https:\/\/bioetica.us\/index.php\/wp-json\/wp\/v2\/media?parent=287"}],"wp:term":[{"taxonomy":"category","embeddable":true,"href":"https:\/\/bioetica.us\/index.php\/wp-json\/wp\/v2\/categories?post=287"},{"taxonomy":"post_tag","embeddable":true,"href":"https:\/\/bioetica.us\/index.php\/wp-json\/wp\/v2\/tags?post=287"}],"curies":[{"name":"wp","href":"https:\/\/api.w.org\/{rel}","templated":true}]}}